{"id":20934,"date":"2025-01-10T15:55:43","date_gmt":"2025-01-10T14:55:43","guid":{"rendered":"https:\/\/www.axishello.com\/2025\/01\/10\/axis-en-la-feria-de-arte-ceramic-brussels\/"},"modified":"2025-01-13T10:06:34","modified_gmt":"2025-01-13T09:06:34","slug":"axis-en-la-feria-de-arte-ceramic-brussels","status":"publish","type":"post","link":"https:\/\/www.axishello.com\/es\/2025\/01\/10\/axis-en-la-feria-de-arte-ceramic-brussels\/","title":{"rendered":"Axis en la feria de arte Ceramic Brussels"},"content":{"rendered":"\t\t<div data-elementor-type=\"wp-post\" data-elementor-id=\"20934\" class=\"elementor elementor-20934 elementor-20900\" data-elementor-post-type=\"post\">\n\t\t\t\t\t\t<section class=\"elementor-section elementor-top-section elementor-element elementor-element-82aa0ab elementor-section-boxed elementor-section-height-default elementor-section-height-default\" data-id=\"82aa0ab\" data-element_type=\"section\">\n\t\t\t\t\t\t<div class=\"elementor-container elementor-column-gap-default\">\n\t\t\t\t\t<div class=\"elementor-column elementor-col-100 elementor-top-column elementor-element elementor-element-9d68c7a\" data-id=\"9d68c7a\" data-element_type=\"column\">\n\t\t\t<div class=\"elementor-widget-wrap elementor-element-populated\">\n\t\t\t\t\t\t<div class=\"elementor-element elementor-element-bbc4907 elementor-widget elementor-widget-text-editor\" data-id=\"bbc4907\" data-element_type=\"widget\" data-widget_type=\"text-editor.default\">\n\t\t\t\t<div class=\"elementor-widget-container\">\n\t\t\t\t\t\t\t\t\t<p>El arte contempor\u00e1neo est\u00e1 en constante evoluci\u00f3n, y una de las innovaciones m\u00e1s llamativas de los \u00faltimos a\u00f1os es la integraci\u00f3n de la impresi\u00f3n 3D en el proceso creativo. Esta revolucionaria tecnolog\u00eda permite a los artistas superar los l\u00edmites de su imaginaci\u00f3n y crear obras de una complejidad y precisi\u00f3n sin precedentes. Para empezar bien el a\u00f1o, la obra de Axis se puede encontrar en la feria de arte <a href=\"https:\/\/ceramic.brussels\/fr\" target=\"_blank\" rel=\"noopener\">Ceramic Brussels<\/a>, que se celebrar\u00e1 del 22 al 26 de enero. el artista <a href=\"https:\/\/www.michelpaysant.fr\/index.php?page=page-recentprojects\" target=\"_blank\" rel=\"noopener\">Michel Paysant<\/a> presentar\u00e1 sus obras para las que nuestro equipo se ha movilizado, ilustrando a la perfecci\u00f3n esta fusi\u00f3n entre tecnolog\u00eda y arte.<\/p>\n\t\t\t\t\t\t\t\t<\/div>\n\t\t\t\t<\/div>\n\t\t\t\t\t<\/div>\n\t\t<\/div>\n\t\t\t\t\t<\/div>\n\t\t<\/section>\n\t\t\t\t<section class=\"elementor-section elementor-top-section elementor-element elementor-element-74a0dfb elementor-section-boxed elementor-section-height-default elementor-section-height-default\" data-id=\"74a0dfb\" data-element_type=\"section\">\n\t\t\t\t\t\t<div class=\"elementor-container elementor-column-gap-default\">\n\t\t\t\t\t<div class=\"elementor-column elementor-col-100 elementor-top-column elementor-element elementor-element-716e6b8\" data-id=\"716e6b8\" data-element_type=\"column\">\n\t\t\t<div class=\"elementor-widget-wrap elementor-element-populated\">\n\t\t\t\t\t\t<div class=\"elementor-element elementor-element-b9d3b23 elementor-widget elementor-widget-image\" data-id=\"b9d3b23\" data-element_type=\"widget\" data-widget_type=\"image.default\">\n\t\t\t\t<div class=\"elementor-widget-container\">\n\t\t\t\t\t\t\t\t\t\t\t\t<figure class=\"wp-caption\">\n\t\t\t\t\t\t\t\t\t\t<img fetchpriority=\"high\" decoding=\"async\" width=\"800\" height=\"534\" src=\"https:\/\/www.axishello.com\/wp-content\/uploads\/2025\/01\/\u00a9MPAYSANT_OSSELET-ROSE_2024-1024x683.jpg\" class=\"attachment-large size-large wp-image-20901\" alt=\"Axis \u00e0 la foire d&#039;art Ceramic Brussels\" srcset=\"https:\/\/www.axishello.com\/wp-content\/uploads\/2025\/01\/\u00a9MPAYSANT_OSSELET-ROSE_2024-1024x683.jpg 1024w, https:\/\/www.axishello.com\/wp-content\/uploads\/2025\/01\/\u00a9MPAYSANT_OSSELET-ROSE_2024-300x200.jpg 300w, https:\/\/www.axishello.com\/wp-content\/uploads\/2025\/01\/\u00a9MPAYSANT_OSSELET-ROSE_2024-768x512.jpg 768w, https:\/\/www.axishello.com\/wp-content\/uploads\/2025\/01\/\u00a9MPAYSANT_OSSELET-ROSE_2024-1536x1024.jpg 1536w, https:\/\/www.axishello.com\/wp-content\/uploads\/2025\/01\/\u00a9MPAYSANT_OSSELET-ROSE_2024-2048x1365.jpg 2048w, https:\/\/www.axishello.com\/wp-content\/uploads\/2025\/01\/\u00a9MPAYSANT_OSSELET-ROSE_2024-scaled-e1736499137973.jpg 1000w\" sizes=\"(max-width: 800px) 100vw, 800px\" \/>\t\t\t\t\t\t\t\t\t\t\t<figcaption class=\"widget-image-caption wp-caption-text\">\u00a9 Michel PAYSANT 2024 OSSELET (Ejemplar \u00fanico) - Porcelana de Limoges - Galleta met\u00e1lica - Dimensiones: 27 x 17 x 15 cm<\/figcaption>\n\t\t\t\t\t\t\t\t\t\t<\/figure>\n\t\t\t\t\t\t\t\t\t<\/div>\n\t\t\t\t<\/div>\n\t\t\t\t\t<\/div>\n\t\t<\/div>\n\t\t\t\t\t<\/div>\n\t\t<\/section>\n\t\t\t\t<section class=\"elementor-section elementor-top-section elementor-element elementor-element-ba4550f elementor-section-boxed elementor-section-height-default elementor-section-height-default\" data-id=\"ba4550f\" data-element_type=\"section\">\n\t\t\t\t\t\t<div class=\"elementor-container elementor-column-gap-default\">\n\t\t\t\t\t<div class=\"elementor-column elementor-col-100 elementor-top-column elementor-element elementor-element-8bf0a97\" data-id=\"8bf0a97\" data-element_type=\"column\">\n\t\t\t<div class=\"elementor-widget-wrap elementor-element-populated\">\n\t\t\t\t\t\t<div class=\"elementor-element elementor-element-77e613d elementor-widget elementor-widget-heading\" data-id=\"77e613d\" data-element_type=\"widget\" data-widget_type=\"heading.default\">\n\t\t\t\t<div class=\"elementor-widget-container\">\n\t\t\t\t\t<h2 class=\"elementor-heading-title elementor-size-default\">La metalizaci\u00f3n tiene que ver con el arte...<\/h2>\t\t\t\t<\/div>\n\t\t\t\t<\/div>\n\t\t\t\t\t<\/div>\n\t\t<\/div>\n\t\t\t\t\t<\/div>\n\t\t<\/section>\n\t\t\t\t<section class=\"elementor-section elementor-top-section elementor-element elementor-element-9e87b16 elementor-section-boxed elementor-section-height-default elementor-section-height-default\" data-id=\"9e87b16\" data-element_type=\"section\">\n\t\t\t\t\t\t<div class=\"elementor-container elementor-column-gap-default\">\n\t\t\t\t\t<div class=\"elementor-column elementor-col-100 elementor-top-column elementor-element elementor-element-afb956e\" data-id=\"afb956e\" data-element_type=\"column\">\n\t\t\t<div class=\"elementor-widget-wrap elementor-element-populated\">\n\t\t\t\t\t\t<div class=\"elementor-element elementor-element-587e4cc elementor-widget elementor-widget-text-editor\" data-id=\"587e4cc\" data-element_type=\"widget\" data-widget_type=\"text-editor.default\">\n\t\t\t\t<div class=\"elementor-widget-container\">\n\t\t\t\t\t\t\t\t\t<p>En esta ocasi\u00f3n, no se ha recurrido a la impresi\u00f3n 3D en s\u00ed, sino a nuestro know-how en cuanto a acabados. De hecho, la obra fue hecha de porcelana de Limoges y luego metalizada por nosotros. La tecnolog\u00eda que utilizamos permite un rendimiento perfecto similar al cromo real, obteniendo el color con un barniz de acabado coloreado que nos permite satisfacer todas las solicitudes de nuestros clientes. Si usted tambi\u00e9n tiene un proyecto de este tipo en marcha, no dude en <a href=\"https:\/\/www.axishello.com\/es\/contacte-con-nuestros-expertos\/\" target=\"_blank\" rel=\"noopener\">ponerse en contacto con uno de nuestros expertos<\/a> para hablar de \u00e9l.<\/p>\n<p>Al tener nuestra sede en Limoges, trabajamos mano a mano con muchas empresas del sector de la porcelana para las que realizamos modelos maestros en estereolitograf\u00eda. Pero podemos trabajar con todos los artistas que tienen proyectos complejos, como James Nizan, con el que <a href=\"https:\/\/www.axishello.com\/es\/2021\/02\/17\/la-estereolitografia-al-servicio-del-arte-para-james-nizam\/\" target=\"_blank\" rel=\"noopener\">ya hab\u00edamos colaborado.<\/a><\/p>\n\t\t\t\t\t\t\t\t<\/div>\n\t\t\t\t<\/div>\n\t\t\t\t\t<\/div>\n\t\t<\/div>\n\t\t\t\t\t<\/div>\n\t\t<\/section>\n\t\t\t\t<section class=\"elementor-section elementor-top-section elementor-element elementor-element-02cbc2a elementor-section-boxed elementor-section-height-default elementor-section-height-default\" data-id=\"02cbc2a\" data-element_type=\"section\">\n\t\t\t\t\t\t<div class=\"elementor-container elementor-column-gap-default\">\n\t\t\t\t\t<div class=\"elementor-column elementor-col-100 elementor-top-column elementor-element elementor-element-530a957\" data-id=\"530a957\" data-element_type=\"column\">\n\t\t\t<div class=\"elementor-widget-wrap elementor-element-populated\">\n\t\t\t\t\t\t<div class=\"elementor-element elementor-element-8bf3fbc elementor-widget elementor-widget-heading\" data-id=\"8bf3fbc\" data-element_type=\"widget\" data-widget_type=\"heading.default\">\n\t\t\t\t<div class=\"elementor-widget-container\">\n\t\t\t\t\t<h2 class=\"elementor-heading-title elementor-size-default\">La gran feria de arte Ceramic Brussels: una cita ineludible<\/h2>\t\t\t\t<\/div>\n\t\t\t\t<\/div>\n\t\t\t\t\t<\/div>\n\t\t<\/div>\n\t\t\t\t\t<\/div>\n\t\t<\/section>\n\t\t\t\t<section class=\"elementor-section elementor-top-section elementor-element elementor-element-7065b14 elementor-section-boxed elementor-section-height-default elementor-section-height-default\" data-id=\"7065b14\" data-element_type=\"section\">\n\t\t\t\t\t\t<div class=\"elementor-container elementor-column-gap-default\">\n\t\t\t\t\t<div class=\"elementor-column elementor-col-100 elementor-top-column elementor-element elementor-element-b3cfc0d\" data-id=\"b3cfc0d\" data-element_type=\"column\">\n\t\t\t<div class=\"elementor-widget-wrap elementor-element-populated\">\n\t\t\t\t\t\t<div class=\"elementor-element elementor-element-cee802a elementor-widget elementor-widget-text-editor\" data-id=\"cee802a\" data-element_type=\"widget\" data-widget_type=\"text-editor.default\">\n\t\t\t\t<div class=\"elementor-widget-container\">\n\t\t\t\t\t\t\t\t\t<p>La gran feria de arte Ceramic Brussels es uno de los eventos m\u00e1s prestigiosos del calendario art\u00edstico. Re\u00fane a artistas, galeristas y coleccionistas de todo el mundo, proporcionando una plataforma \u00fanica para descubrir las \u00faltimas tendencias en arte contempor\u00e1neo. La exposici\u00f3n de la obra de Michel Paysant en este evento es un reconocimiento a nuestro trabajo y a nuestro compromiso con la innovaci\u00f3n art\u00edstica.<\/p>\n\t\t\t\t\t\t\t\t<\/div>\n\t\t\t\t<\/div>\n\t\t\t\t\t<\/div>\n\t\t<\/div>\n\t\t\t\t\t<\/div>\n\t\t<\/section>\n\t\t\t\t<\/div>\n\t\t","protected":false},"excerpt":{"rendered":"<p>El arte contempor\u00e1neo est\u00e1 en constante evoluci\u00f3n, y una de las innovaciones m\u00e1s llamativas de los \u00faltimos a\u00f1os es la integraci\u00f3n de la impresi\u00f3n 3D en el proceso creativo. Esta revolucionaria tecnolog\u00eda permite a los artistas superar los l\u00edmites de su imaginaci\u00f3n y crear obras de una complejidad y precisi\u00f3n sin precedentes. Para empezar bien [&hellip;]<\/p>\n","protected":false},"author":8,"featured_media":0,"comment_status":"closed","ping_status":"open","sticky":false,"template":"","format":"standard","meta":{"footnotes":""},"categories":[52],"tags":[],"class_list":["post-20934","post","type-post","status-publish","format-standard","hentry","category-sin-categorizar"],"_links":{"self":[{"href":"https:\/\/www.axishello.com\/es\/wp-json\/wp\/v2\/posts\/20934","targetHints":{"allow":["GET"]}}],"collection":[{"href":"https:\/\/www.axishello.com\/es\/wp-json\/wp\/v2\/posts"}],"about":[{"href":"https:\/\/www.axishello.com\/es\/wp-json\/wp\/v2\/types\/post"}],"author":[{"embeddable":true,"href":"https:\/\/www.axishello.com\/es\/wp-json\/wp\/v2\/users\/8"}],"replies":[{"embeddable":true,"href":"https:\/\/www.axishello.com\/es\/wp-json\/wp\/v2\/comments?post=20934"}],"version-history":[{"count":1,"href":"https:\/\/www.axishello.com\/es\/wp-json\/wp\/v2\/posts\/20934\/revisions"}],"predecessor-version":[{"id":20935,"href":"https:\/\/www.axishello.com\/es\/wp-json\/wp\/v2\/posts\/20934\/revisions\/20935"}],"wp:attachment":[{"href":"https:\/\/www.axishello.com\/es\/wp-json\/wp\/v2\/media?parent=20934"}],"wp:term":[{"taxonomy":"category","embeddable":true,"href":"https:\/\/www.axishello.com\/es\/wp-json\/wp\/v2\/categories?post=20934"},{"taxonomy":"post_tag","embeddable":true,"href":"https:\/\/www.axishello.com\/es\/wp-json\/wp\/v2\/tags?post=20934"}],"curies":[{"name":"wp","href":"https:\/\/api.w.org\/{rel}","templated":true}]}}