{"id":17732,"date":"2019-12-31T15:30:49","date_gmt":"2019-12-31T14:30:49","guid":{"rendered":"https:\/\/www.axishello.com\/2019\/12\/31\/axis-y-su-lista-de-ferias-para-2019\/"},"modified":"2023-08-16T14:33:48","modified_gmt":"2023-08-16T12:33:48","slug":"axis-y-su-lista-de-ferias-para-2019","status":"publish","type":"post","link":"https:\/\/www.axishello.com\/es\/2019\/12\/31\/axis-y-su-lista-de-ferias-para-2019\/","title":{"rendered":"Axis y su lista de ferias para 2019"},"content":{"rendered":"\t\t<div data-elementor-type=\"wp-post\" data-elementor-id=\"17732\" class=\"elementor elementor-17732 elementor-5872\" data-elementor-post-type=\"post\">\n\t\t\t\t\t\t<section class=\"elementor-section elementor-top-section elementor-element elementor-element-6e079ed1 elementor-section-boxed elementor-section-height-default elementor-section-height-default\" data-id=\"6e079ed1\" data-element_type=\"section\">\n\t\t\t\t\t\t<div class=\"elementor-container elementor-column-gap-default\">\n\t\t\t\t\t<div class=\"elementor-column elementor-col-100 elementor-top-column elementor-element elementor-element-1822b2cd\" data-id=\"1822b2cd\" data-element_type=\"column\">\n\t\t\t<div class=\"elementor-widget-wrap elementor-element-populated\">\n\t\t\t\t\t\t<div class=\"elementor-element elementor-element-3b5c1bec elementor-widget elementor-widget-text-editor\" data-id=\"3b5c1bec\" data-element_type=\"widget\" data-widget_type=\"text-editor.default\">\n\t\t\t\t<div class=\"elementor-widget-container\">\n\t\t\t\t\t\t\t\t\t<h2>Cada a\u00f1o, Axis participa en una serie de ferias comerciales para forjar nuevas alianzas y seguir mostrando su experiencia en el campo del prototipado r\u00e1pido.<\/h2>\n<p>2019 no fue una excepci\u00f3n, as\u00ed que participamos en ferias nacionales e internacionales para conocer gente nueva y descubrir nuevos sectores industriales.<\/p>\n<ul>\n<li>\n<h3><strong>Del 5 al 8 de marzo de 2019: Global Industrie en Lyon<\/strong><\/h3>\n<\/li>\n<\/ul>\n<p>Esta feria est\u00e1 especializada en subcontrataci\u00f3n industrial. Los a\u00f1os pares se celebra en Lyon y los impares en Par\u00eds. Axis es un expositor habitual de este evento desde hace varios a\u00f1os, con el objetivo de conocer nuevos socios y consolidar los lazos con clientes de larga data. En 2019, m\u00e1s de 1.200 expositores estuvieron presentes para dar la bienvenida a unos 46.000 visitantes durante los 4 d\u00edas de la exposici\u00f3n.<\/p>\n<\/p>\n<ul>\n<li>\n<h3><strong>Del 15 al 18 de mayo de 2019: Metal Tech en Kuala Lumpur, Malasia.<\/strong><\/h3>\n<\/li>\n<\/ul>\n<p>Este evento del sector lleva celebr\u00e1ndose m\u00e1s de una d\u00e9cada. Axis particip\u00f3 con un socio de larga trayectoria y fuerte presencia en el mercado asi\u00e1tico. Gracias a esta exposici\u00f3n, Axis pudo abrirse a un nuevo mercado en el que ten\u00edamos poca presencia, y tambi\u00e9n analizar las distintas competencias que tienen los proveedores en esta parte del mundo. En 2019, Metal Tech acogi\u00f3 a 1200 expositores y 20 000 visitantes de 42 pa\u00edses.<\/p>\n<h3><strong><\/p>\n<p>&#8211; Del 4 al 6 de junio de 2019: Impresi\u00f3n 3D en Lyon<\/strong><\/h3>\n<p>3D es la primera feria francesa dedicada a los m\u00e9todos de impresi\u00f3n en 3D. Como Axis es una de las empresas m\u00e1s antiguas dedicadas a la creaci\u00f3n r\u00e1pida de prototipos mediante impresi\u00f3n 3D, era natural que expusi\u00e9ramos nuestras competencias junto a otros 150 actores de la fabricaci\u00f3n aditiva en Francia. Pudimos mostrar nuestras diversas tecnolog\u00edas (estereolitograf\u00eda, sinterizaci\u00f3n de polvos, colada al vac\u00edo), as\u00ed como nuestras capacidades de acabado (metalizaci\u00f3n, imprimaci\u00f3n, inserciones, pintura seg\u00fan colores RAL o Pantone, etc.). Creado en 2013, este sal\u00f3n acogi\u00f3 a m\u00e1s de 6.000 visitantes en 2019.<\/p>\n<h3>&#8211; Del 30 de septiembre al 3 de octubre de 2019: CMTS Toronto, Canad\u00e1<\/h3>\n<p>Dedicada a las industrias aeroespacial y automovil\u00edstica, la CMTD se celebra en Toronto cada dos a\u00f1os desde hace m\u00e1s de cuatro d\u00e9cadas. Dado que Axis es solicitada a menudo en estos dos sectores, este comit\u00e9 permiti\u00f3 a Axis desarrollarse y darse a conocer en el mercado norteamericano gracias a su presencia en este evento.<\/p>\n<p><strong><\/p>\n<p>&#8211; Del 22 al 24 de octubre de 2019: SIANE en Toulouse<\/strong><\/p>\n<p>Siane o Salon des Partenaires de l&#8217;Industrie celebr\u00f3 su 16\u00aa edici\u00f3n en 2019. Este acontecimiento anual re\u00fane a clientes y subcontratistas, en particular los establecidos en el Gran Oeste de Francia. La edici\u00f3n de 2019 cont\u00f3 con 740 expositores para casi 10.000 visitantes.<\/p>\n<h3>&#8211; Del 19 al 22 de noviembre de 2019: Formnext en Frankfurt, Alemania<\/h3>\n<div class=\"wp-block-image\">\n<figure class=\"aligncenter\"><img decoding=\"async\" class=\"wp-image-6246\" src=\"https:\/\/www.axishello.com\/wp-content\/uploads\/Axis-impression3D-Formnext.jpg\" alt=\"Axis, el especialista en prototipado r\u00e1pido, en Formnext 2019\"><\/figure>\n<\/div>\n<p>Formnext es la mayor feria del mundo dedicada a la industria de la impresi\u00f3n 3D. Este evento re\u00fane a todos los agentes de la industria de procesos de fabricaci\u00f3n aditiva, desde proveedores de materiales hasta fabricantes de maquinaria y subcontratistas de prototipado. En 2019, 852 expositores estuvieron presentes para 35.000 visitantes de todo el mundo. Axis lleva varios a\u00f1os participando para mantenerse al d\u00eda de las \u00faltimas novedades en impresi\u00f3n 3D y atraer a nuevos clientes potenciales.<\/p>\n<h3><strong><\/p>\n<p>&#8211; Ferias previstas para el a\u00f1o<br \/>2020<\/strong><\/h3>\n<p>Para 2020, Axis quiere seguir ampliando su n\u00famero de socios con el fin de garantizar el futuro a largo plazo de nuestra empresa y nuestra experiencia. Empezaremos el 7 de enero de 2020 con el CES de Las Vegas, feria especializada en nuevas tecnolog\u00edas, gracias a la regi\u00f3n de Nouvelle-Aquitaine. Despu\u00e9s iremos a Midest del 31 de marzo al 3 de abril en Par\u00eds para esta edici\u00f3n 2020, al sal\u00f3n 3D Print del 16 al 18 de junio y terminaremos con FormNext del 10 al 13 de noviembre.<\/p>\n<p>Si tiene previsto asistir a alguno de estos actos, no dude en ponerse en contacto con nosotros.<br \/>no nos sigas (v\u00eda<br \/>redes sociales o nuestra p\u00e1gina web) para que puedas encontrar toda la informaci\u00f3n que necesitas para<br \/>\u00a1nos vemos all\u00ed!<\/p>\n\t\t\t\t\t\t\t\t<\/div>\n\t\t\t\t<\/div>\n\t\t\t\t\t<\/div>\n\t\t<\/div>\n\t\t\t\t\t<\/div>\n\t\t<\/section>\n\t\t\t\t<\/div>\n\t\t","protected":false},"excerpt":{"rendered":"<p>Cada a\u00f1o, Axis participa en una serie de ferias comerciales para forjar nuevas alianzas y seguir mostrando su experiencia en el campo del prototipado r\u00e1pido. 2019 no fue una excepci\u00f3n, as\u00ed que participamos en ferias nacionales e internacionales para conocer gente nueva y descubrir nuevos sectores industriales. Del 5 al 8 de marzo de 2019: [&hellip;]<\/p>\n","protected":false},"author":8,"featured_media":11886,"comment_status":"closed","ping_status":"open","sticky":false,"template":"","format":"standard","meta":{"footnotes":""},"categories":[110],"tags":[],"class_list":["post-17732","post","type-post","status-publish","format-standard","has-post-thumbnail","hentry","category-sin-clasificar"],"_links":{"self":[{"href":"https:\/\/www.axishello.com\/es\/wp-json\/wp\/v2\/posts\/17732","targetHints":{"allow":["GET"]}}],"collection":[{"href":"https:\/\/www.axishello.com\/es\/wp-json\/wp\/v2\/posts"}],"about":[{"href":"https:\/\/www.axishello.com\/es\/wp-json\/wp\/v2\/types\/post"}],"author":[{"embeddable":true,"href":"https:\/\/www.axishello.com\/es\/wp-json\/wp\/v2\/users\/8"}],"replies":[{"embeddable":true,"href":"https:\/\/www.axishello.com\/es\/wp-json\/wp\/v2\/comments?post=17732"}],"version-history":[{"count":0,"href":"https:\/\/www.axishello.com\/es\/wp-json\/wp\/v2\/posts\/17732\/revisions"}],"wp:featuredmedia":[{"embeddable":true,"href":"https:\/\/www.axishello.com\/es\/wp-json\/wp\/v2\/media\/11886"}],"wp:attachment":[{"href":"https:\/\/www.axishello.com\/es\/wp-json\/wp\/v2\/media?parent=17732"}],"wp:term":[{"taxonomy":"category","embeddable":true,"href":"https:\/\/www.axishello.com\/es\/wp-json\/wp\/v2\/categories?post=17732"},{"taxonomy":"post_tag","embeddable":true,"href":"https:\/\/www.axishello.com\/es\/wp-json\/wp\/v2\/tags?post=17732"}],"curies":[{"name":"wp","href":"https:\/\/api.w.org\/{rel}","templated":true}]}}