{"id":17723,"date":"2020-01-10T10:30:47","date_gmt":"2020-01-10T09:30:47","guid":{"rendered":"https:\/\/www.axishello.com\/2020\/01\/10\/axis-noticias-desde-ces2020\/"},"modified":"2023-08-16T14:33:49","modified_gmt":"2023-08-16T12:33:49","slug":"axis-noticias-desde-ces2020","status":"publish","type":"post","link":"https:\/\/www.axishello.com\/es\/2020\/01\/10\/axis-noticias-desde-ces2020\/","title":{"rendered":"Axis: \u00a1noticias desde #CES2020!"},"content":{"rendered":"\t\t<div data-elementor-type=\"wp-post\" data-elementor-id=\"17723\" class=\"elementor elementor-17723 elementor-5905\" data-elementor-post-type=\"post\">\n\t\t\t\t\t\t<section class=\"elementor-section elementor-top-section elementor-element elementor-element-6c6d52e6 elementor-section-boxed elementor-section-height-default elementor-section-height-default\" data-id=\"6c6d52e6\" data-element_type=\"section\">\n\t\t\t\t\t\t<div class=\"elementor-container elementor-column-gap-default\">\n\t\t\t\t\t<div class=\"elementor-column elementor-col-100 elementor-top-column elementor-element elementor-element-65d8a528\" data-id=\"65d8a528\" data-element_type=\"column\">\n\t\t\t<div class=\"elementor-widget-wrap elementor-element-populated\">\n\t\t\t\t\t\t<div class=\"elementor-element elementor-element-423cede5 elementor-widget elementor-widget-text-editor\" data-id=\"423cede5\" data-element_type=\"widget\" data-widget_type=\"text-editor.default\">\n\t\t\t\t<div class=\"elementor-widget-container\">\n\t\t\t\t\t\t\t\t\t<h2><strong>Axis expone en #CES2020 desde el 7 de enero en su stand CP-4 (Convention Center), en la zona dedicada a la Fab francesa. <\/strong><\/h2>\n<p>Gracias a la regi\u00f3n de Nouvelle-Aquitaine podemos asistir a este acontecimiento.<\/p>\n<p>En la feria pudimos ver algunos de nuestros prototipos realizados para clientes que hab\u00edan venido a mostrar sus innovaciones. Como mencionamos en nuestra \u00faltima noticia, el robot de c\u00f3digo abierto Reachy de Pollen Robotics, fabricado mediante <a href=\"https:\/\/www.axishello.com\/es\/nuestras-tecnologias-3d\/sinterizado-selectivo-por-laser-axis-professional-3d-printing\/\" target=\"_blank\" rel=\"noreferrer noopener\" aria-label=\"frittage de poudre (s\u2019ouvre dans un nouvel onglet)\">sinterizaci\u00f3n de polvos<\/a>, caus\u00f3 un gran revuelo en la feria.<\/p>\n<div class=\"wp-block-image\">\n<figure class=\"aligncenter\"><img decoding=\"async\" class=\"wp-image-5909\" src=\"https:\/\/www.axishello.com\/wp-content\/uploads\/2018\/11\/BOB-768x428-1.jpeg\" alt=\"Axis y Daan Tech en CES 2020 para presentar Bob\"><\/figure>\n<\/div>\n<p>Axis tambi\u00e9n ha fabricado prototipos del famoso Bob de la start-up Daan Tech mediante sinterizaci\u00f3n de polvo. Este lavavajillas compacto y ultrarr\u00e1pido consume muy poca agua, ya que se llena como una cafetera mediante un dep\u00f3sito. Axis ha tenido la suerte de poder ayudar a desarrollar este proyecto desde hace varios meses, por lo que depositaron su confianza en nosotros para producir el prototipo impreso en 3D que se exhibir\u00e1 en el CES 2020 de Las Vegas.<\/p>\n<p>Axis tambi\u00e9n colabor\u00f3 en el dise\u00f1o del Rubix Pod. Esta caja, fabricada mediante el proceso de <a href=\"https:\/\/www.axishello.com\/es\/nuestras-tecnologias-3d\/fundicion-en-vacio-para-la-creacion-rapida-de-prototipos\/\" target=\"_blank\" rel=\"noreferrer noopener\" aria-label=\" (s\u2019ouvre dans un nouvel onglet)\">fundici\u00f3n al<\/a> vac\u00edo, permite analizar el entorno de trabajo de los usuarios. Gracias a una serie de sensores, esta herramienta eval\u00faa los niveles de humedad, la calidad del aire, los niveles de ruido y mucho m\u00e1s.<\/p>\n<h2>CES 2020 brind\u00f3 a Axis la oportunidad de reunirse con varias personas, entre ellas Agn\u00e8s Pannier-Runacher, Secretaria de Estado del Ministerio de Econom\u00eda y Hacienda.<\/h2>\n<p>El Secretario de Estado se interes\u00f3 mucho por nuestra empresa y pudo observar los distintos prototipos que present\u00e1bamos en CES 2020. Pudo hablar de nuestros conocimientos de impresi\u00f3n 3D con el Sr. y la Sra. Christoux.<\/p>\n<figure class=\"wp-block-embed-youtube wp-block-embed is-type-video is-provider-youtube wp-embed-aspect-16-9 wp-has-aspect-ratio\">\n<div class=\"wp-block-embed__wrapper\">https:\/\/www.youtube.com\/watch?v=OFpOVioj0Ho&amp;feature=emb_title<\/div>\n<\/figure>\n<p>Por \u00faltimo, nuestro socio, la R\u00e9gion Nouvelle-Aquitaine, nos ha puesto en el punto de mira a trav\u00e9s de su JT Ces si bon, que publicar\u00e1 un v\u00eddeo al d\u00eda durante el CES 2020. As\u00ed pudimos explicar nuestras motivaciones y tambi\u00e9n la importancia que ten\u00eda el #TeamNaqui en esta aventura americana.<\/p>\n<figure class=\"wp-block-embed-youtube wp-block-embed is-type-video is-provider-youtube wp-embed-aspect-16-9 wp-has-aspect-ratio\">\n<div class=\"wp-block-embed__wrapper\">https:\/\/www.youtube.com\/watch?v=2k_BXOrYF-k&amp;feature=emb_title<\/div>\n<\/figure>\n<p>Axis se enorgullece de haber estado presente por primera vez en la prestigiosa feria CES Las Vegas para la edici\u00f3n de 2020. Esperamos que las reuniones mantenidas en el sal\u00f3n den lugar a nuevas asociaciones, en particular con el mercado estadounidense.<\/p>\n\t\t\t\t\t\t\t\t<\/div>\n\t\t\t\t<\/div>\n\t\t\t\t\t<\/div>\n\t\t<\/div>\n\t\t\t\t\t<\/div>\n\t\t<\/section>\n\t\t\t\t<\/div>\n\t\t","protected":false},"excerpt":{"rendered":"<p>Axis expone en #CES2020 desde el 7 de enero en su stand CP-4 (Convention Center), en la zona dedicada a la Fab francesa. Gracias a la regi\u00f3n de Nouvelle-Aquitaine podemos asistir a este acontecimiento. En la feria pudimos ver algunos de nuestros prototipos realizados para clientes que hab\u00edan venido a mostrar sus innovaciones. Como mencionamos [&hellip;]<\/p>\n","protected":false},"author":8,"featured_media":11894,"comment_status":"closed","ping_status":"open","sticky":false,"template":"","format":"standard","meta":{"footnotes":""},"categories":[110],"tags":[],"class_list":["post-17723","post","type-post","status-publish","format-standard","has-post-thumbnail","hentry","category-sin-clasificar"],"_links":{"self":[{"href":"https:\/\/www.axishello.com\/es\/wp-json\/wp\/v2\/posts\/17723","targetHints":{"allow":["GET"]}}],"collection":[{"href":"https:\/\/www.axishello.com\/es\/wp-json\/wp\/v2\/posts"}],"about":[{"href":"https:\/\/www.axishello.com\/es\/wp-json\/wp\/v2\/types\/post"}],"author":[{"embeddable":true,"href":"https:\/\/www.axishello.com\/es\/wp-json\/wp\/v2\/users\/8"}],"replies":[{"embeddable":true,"href":"https:\/\/www.axishello.com\/es\/wp-json\/wp\/v2\/comments?post=17723"}],"version-history":[{"count":0,"href":"https:\/\/www.axishello.com\/es\/wp-json\/wp\/v2\/posts\/17723\/revisions"}],"wp:featuredmedia":[{"embeddable":true,"href":"https:\/\/www.axishello.com\/es\/wp-json\/wp\/v2\/media\/11894"}],"wp:attachment":[{"href":"https:\/\/www.axishello.com\/es\/wp-json\/wp\/v2\/media?parent=17723"}],"wp:term":[{"taxonomy":"category","embeddable":true,"href":"https:\/\/www.axishello.com\/es\/wp-json\/wp\/v2\/categories?post=17723"},{"taxonomy":"post_tag","embeddable":true,"href":"https:\/\/www.axishello.com\/es\/wp-json\/wp\/v2\/tags?post=17723"}],"curies":[{"name":"wp","href":"https:\/\/api.w.org\/{rel}","templated":true}]}}