{"id":15367,"date":"2019-06-14T14:12:54","date_gmt":"2019-06-14T12:12:54","guid":{"rendered":"https:\/\/www.axishello.com\/2019\/06\/14\/eje-y-matteo-fel-astorg-joven-cantalien-kartman\/"},"modified":"2023-08-25T22:15:16","modified_gmt":"2023-08-25T20:15:16","slug":"axis-y-matteo-fel-astorg-joven-cantalien-kartman","status":"publish","type":"post","link":"https:\/\/www.axishello.com\/es\/2019\/06\/14\/axis-y-matteo-fel-astorg-joven-cantalien-kartman\/","title":{"rendered":"Axis y Matteo Fel-Astorg joven Cantalien kartman"},"content":{"rendered":"\t\t<div data-elementor-type=\"wp-post\" data-elementor-id=\"15367\" class=\"elementor elementor-15367 elementor-2473\" data-elementor-post-type=\"post\">\n\t\t\t\t\t\t<section class=\"elementor-section elementor-top-section elementor-element elementor-element-3d80edbd elementor-section-boxed elementor-section-height-default elementor-section-height-default\" data-id=\"3d80edbd\" data-element_type=\"section\">\n\t\t\t\t\t\t<div class=\"elementor-container elementor-column-gap-default\">\n\t\t\t\t\t<div class=\"elementor-column elementor-col-100 elementor-top-column elementor-element elementor-element-6880b16b\" data-id=\"6880b16b\" data-element_type=\"column\">\n\t\t\t<div class=\"elementor-widget-wrap elementor-element-populated\">\n\t\t\t\t\t\t<div class=\"elementor-element elementor-element-12101897 elementor-widget elementor-widget-text-editor\" data-id=\"12101897\" data-element_type=\"widget\" data-widget_type=\"text-editor.default\">\n\t\t\t\t<div class=\"elementor-widget-container\">\n\t\t\t\t\t\t\t\t\t<h2>Axis patrocina a Matt\u00e9o, un joven piloto<\/h2><p><a href=\"https:\/\/www.axishello.com\/es\/\"><strong>Axis<\/strong> <\/a>se complace en apoyar a Matteo Fel-Astorg, de 15 a\u00f1os.<br \/>En las \u00faltimas semanas, Matt\u00e9o se ha puesto manos a la obra y sus primeros resultados a escala regional ya son prometedores.<\/p><p>Este piloto de karts de 15 a\u00f1os, que vive en Aurillac, en la regi\u00f3n francesa de Cantal, compite en su quinta temporada de karting.<\/p><p><strong>Axis<\/strong> quiso apadrinarlo para ayudarle a empezar y animarle.<\/p><h2>Axis: orgulloso de su \u00e9xito<\/h2><p>Compitiendo en la dura y exigente categor\u00eda Senior, acaba de ganar en Varennes sur Allier y Pers, cerca de su ciudad natal, y lidera el Campeonato de la Liga de Auvernia.<\/p><p>Corri\u00f3 en el kart n\u00famero 23 con los colores\u00a0<strong>de Axis<\/strong>, con una pegatina con nuestro logotipo en el parachoques delantero, como se puede ver en la imagen de este art\u00edculo.<\/p><p><img fetchpriority=\"high\" decoding=\"async\" class=\"alignnone wp-image-2474 size-full\" src=\"https:\/\/www.axishello.com\/wp-content\/uploads\/2019\/06\/IMG_1491.jpeg\" alt=\"Axis-kart-sponsoring\" width=\"640\" height=\"430\" \/><\/p><p>Incluso una peque\u00f1a empresa de prototipado r\u00e1pido, creaci\u00f3n de modelos e impresi\u00f3n 3D llamada\u00a0<strong>Axis<\/strong> se ha interesado por este deportista y le patrocina para ayudarle a progresar. As\u00ed que no dudes en seguir a este joven, que probablemente ser\u00e1 una figura prometedora en el mundo del karting. Contamos con \u00e9l, as\u00ed que conf\u00eda en \u00e9l, creemos que te sorprender\u00e1.<strong> Axis<\/strong> cuenta con \u00e9l para deslumbrarte en las pr\u00f3ximas carreras de<span style=\"color: #222222;\">peque\u00f1os coches de competici\u00f3n, sin carrocer\u00eda, caja de cambios ni suspensi\u00f3n<\/span>.<\/p><p>Ahora se prepara activamente para las pr\u00f3ximas grandes citas nacionales, empezando por el Campeonato de Francia en julio de 2019 en Valence. Sigue su cron\u00f3metro, \u00a1puede que te sorprenda!<\/p>\t\t\t\t\t\t\t\t<\/div>\n\t\t\t\t<\/div>\n\t\t\t\t\t<\/div>\n\t\t<\/div>\n\t\t\t\t\t<\/div>\n\t\t<\/section>\n\t\t\t\t<\/div>\n\t\t","protected":false},"excerpt":{"rendered":"<p>Axis patrocina a Matt\u00e9o, un joven piloto Axis se complace en apoyar a Matteo Fel-Astorg, de 15 a\u00f1os.En las \u00faltimas semanas, Matt\u00e9o se ha puesto manos a la obra y sus primeros resultados a escala regional ya son prometedores. Este piloto de karts de 15 a\u00f1os, que vive en Aurillac, en la regi\u00f3n francesa de [&hellip;]<\/p>\n","protected":false},"author":8,"featured_media":11978,"comment_status":"open","ping_status":"open","sticky":false,"template":"","format":"standard","meta":{"footnotes":""},"categories":[108],"tags":[],"class_list":["post-15367","post","type-post","status-publish","format-standard","has-post-thumbnail","hentry","category-unclassified"],"_links":{"self":[{"href":"https:\/\/www.axishello.com\/es\/wp-json\/wp\/v2\/posts\/15367","targetHints":{"allow":["GET"]}}],"collection":[{"href":"https:\/\/www.axishello.com\/es\/wp-json\/wp\/v2\/posts"}],"about":[{"href":"https:\/\/www.axishello.com\/es\/wp-json\/wp\/v2\/types\/post"}],"author":[{"embeddable":true,"href":"https:\/\/www.axishello.com\/es\/wp-json\/wp\/v2\/users\/8"}],"replies":[{"embeddable":true,"href":"https:\/\/www.axishello.com\/es\/wp-json\/wp\/v2\/comments?post=15367"}],"version-history":[{"count":4,"href":"https:\/\/www.axishello.com\/es\/wp-json\/wp\/v2\/posts\/15367\/revisions"}],"predecessor-version":[{"id":19930,"href":"https:\/\/www.axishello.com\/es\/wp-json\/wp\/v2\/posts\/15367\/revisions\/19930"}],"wp:featuredmedia":[{"embeddable":true,"href":"https:\/\/www.axishello.com\/es\/wp-json\/wp\/v2\/media\/11978"}],"wp:attachment":[{"href":"https:\/\/www.axishello.com\/es\/wp-json\/wp\/v2\/media?parent=15367"}],"wp:term":[{"taxonomy":"category","embeddable":true,"href":"https:\/\/www.axishello.com\/es\/wp-json\/wp\/v2\/categories?post=15367"},{"taxonomy":"post_tag","embeddable":true,"href":"https:\/\/www.axishello.com\/es\/wp-json\/wp\/v2\/tags?post=15367"}],"curies":[{"name":"wp","href":"https:\/\/api.w.org\/{rel}","templated":true}]}}